{"id":32431,"date":"2022-01-31T16:32:09","date_gmt":"2022-01-31T15:32:09","guid":{"rendered":"https:\/\/www.eolus.com\/blog\/mfn_news\/senata-lemums-veja-parka-buvniecibai-tukuma-ir-labveligs\/"},"modified":"2024-02-20T13:02:43","modified_gmt":"2024-02-20T12:02:43","slug":"senata-lemums-veja-parka-buvniecibai-tukuma-ir-labveligs","status":"publish","type":"mfn_news","link":"https:\/\/www.eolus.com\/lv\/blog\/mfn_news\/senata-lemums-veja-parka-buvniecibai-tukuma-ir-labveligs\/","title":{"rendered":"Sen\u0101ta l\u0113mums v\u0113ja parka b\u016bvniec\u012bbai Tukum\u0101 ir labv\u0113l\u012bgs"},"content":{"rendered":"<p class=\"mfn-wp-retain\">2022. gada 11. janv&#257;ra Sen&#257;ta l&#275;mums p&#275;c b&#363;t&#299;bas &#316;auj uzs&#257;kt iecer&#275;t&#257; v&#275;ja parka &ldquo;Pienava wind&rdquo; b&#363;vniec&#299;bu Tukuma novad&#257;. Sen&#257;ts sav&#257; l&#275;mum&#257; pirms&scaron;&#311;ietami secina, ka v&#275;ja parka izb&#363;ve jau s&#257;kotn&#275;ji ir bijusi atbilsto&scaron;a pa&scaron;vald&#299;bas teritori&#257;lajam pl&#257;nojumam un vis&#257;m likum&#257; noteiktaj&#257;m ietekmes uz vidi pras&#299;b&#257;m. Sen&#257;ta l&#275;mums nav p&#257;rs&#363;dzams.<\/p>\n<p class=\"mfn-wp-retain\">Jau 2016. gad&#257; SIA &ldquo;Pienava wind&rdquo; uzs&#257;ka procesu&#257;l&#257;s darb&#299;bas, lai Tukuma novad&#257; izveidotu m&#363;sdien&#299;gu v&#275;ja parku, kas nodro&scaron;in&#257;tu ar za&#316;o ener&#291;iju iedz&#299;vot&#257;jus vis&#257; Latvij&#257;. Kaut ar&#299; teritori&#257;laj&#257; pl&#257;nojum&#257; v&#275;ja parka izb&#363;ve tika paredz&#275;ta jau vair&#257;kus gadus iepriek&scaron; un atbilsto&scaron;i likumdo&scaron;anai tika veikts Vides p&#257;rraudz&#299;bas valsts biroja pras&#299;b&#257;m atbilsto&scaron;s ietekmes uz vidi nov&#275;rt&#275;jums, Tukuma novada dome balsoja pret v&#275;ja parka izb&#363;vi. &Scaron;o l&#275;mumu SIA &ldquo;Eolus&rdquo; meitas uz&#326;&#275;mums SIA &ldquo;Pienava wind&rdquo; apstr&#299;d&#275;ja un guva uzvaru pirm&#257;s instances ties&#257;, ta&#269;u pa&scaron;vald&#299;ba pirm&#257;s instances tiesas spriedumu p&#257;rs&#363;dz&#275;ja, k&#257; rezult&#257;t&#257; nebija iesp&#275;jams uzs&#257;kt v&#275;ja parka b&#363;vniec&#299;bu.&nbsp;<\/p>\n<p class=\"mfn-wp-retain\">Vienlaikus j&#257;uzsver, ka v&#275;ja parka att&#299;st&#299;bas bremz&#275;&scaron;ana notiek laik&#257;, kad vis&#257; pasaul&#275; un ar&#299; Latvij&#257; tiek piedz&#299;vota viena no dzi&#316;&#257;kaj&#257;m ener&#291;&#275;tiskaj&#257;m kr&#299;z&#275;m aizvad&#299;to gadu laik&#257;, t&#257; kav&#275;jot un l&#299;dz galam neizmantojot Latvijas lielo v&#275;ja ener&#291;ijas potenci&#257;lu, kam b&#363;tu pozit&#299;va ietekme uz elektroener&#291;ijas ra&#382;o&scaron;anas cen&#257;m.&nbsp;<\/p>\n<p class=\"mfn-wp-retain\">Sen&#257;ts izskat&#299;ja SIA &laquo;Pienava wind&raquo; l&#363;gumu par pagaidu noregul&#275;jamu, kas dotu iesp&#275;ju s&#257;kt v&#275;ja parka ier&#299;ko&scaron;anu v&#275;l pirms gal&#299;g&#257; tiesas nol&#275;muma liet&#257;. L&#363;gums par pagaidu noregul&#275;jumu bija nepiecie&scaron;ams ieilgu&scaron;&#257;s tiesved&#299;bas d&#275;&#316;. Pie&#326;emtais Sen&#257;ta l&#275;mums nav p&#257;rs&#363;dzams, bet lieta p&#275;c b&#363;t&#299;bas v&#275;l j&#257;izlemj Administrat&#299;vajai apgabaltiesai.<\/p>\n<p><a href=\"\/jaunumi\/\" rel=\"nofollow\"><br \/>\n\t\t\t\t\t\tAtpaka&#316;<br \/>\n\t\t\t\t\t<\/a><\/p>\n<p class=\"mfn-wp-retain\">\n\t\t\t\t\t\t\t\t\t\t\t\t\t\t\t\tShare on facebook<br \/>\n\t\t\t\t\t\t\t\t\t\t\t\t\t\t\t\tShare on twitter<br \/>\n\t\t\t\t\t\t\t\t\t\t\t\t\t\t\t\tShare on linkedin<br \/>\n\t\t\t\t\t\t\t\t\t\t\t\t\t\t\t\tShare on email<\/p>\n<div class=\"mfn-footer\"><\/div>\n<div class=\"mfn-footer mfn-about\"><\/div>\n<script>\n                Array.prototype.slice.call(document.querySelectorAll(\".mfn-footer.mfn-attachment\")).forEach(function (el) { el.remove() });\n            <\/script>\n        <div class=\"mfn-attachments-container\"><\/div>","protected":false},"excerpt":{"rendered":"<p>2022. gada 11. janv&#257;ra Sen&#257;ta l&#275;mums p&#275;c b&#363;t&#299;bas &#316;auj uzs&#257;kt iecer&#275;t&#257; v&#275;ja parka &ldquo;Pienava wind&rdquo; b&#363;vniec&#299;bu Tukuma novad&#257;. Sen&#257;ts sav&#257; l&#275;mum&#257; pirms&scaron;&#311;ietami secina, ka v&#275;ja parka izb&#363;ve jau s&#257;kotn&#275;ji ir bijusi atbilsto&scaron;a pa&scaron;vald&#299;bas teritori&#257;lajam pl&#257;nojumam un vis&#257;m likum&#257; noteiktaj&#257;m ietekmes uz vidi pras&#299;b&#257;m. Sen&#257;ta l&#275;mums nav p&#257;rs&#363;dzams. Jau 2016. gad&#257; SIA &ldquo;Pienava wind&rdquo; uzs&#257;ka procesu&#257;l&#257;s [&hellip;]<\/p>\n","protected":false},"featured_media":0,"template":"","class_list":["post-32431","mfn_news","type-mfn_news","status-publish","hentry","mfn-news-tag-mfn_lv","mfn-news-tag-mfn-cus-dobele_lv","mfn-news-tag-mfn-cus-uncategorized_lv","mfn-news-tag-mfn-lang-lv_lv","mfn-news-tag-mfn-type-pr_lv"],"acf":[],"yoast_head":"<!-- This site is optimized with the Yoast SEO plugin v27.3 - https:\/\/yoast.com\/product\/yoast-seo-wordpress\/ -->\n<title>Sen\u0101ta l\u0113mums v\u0113ja parka b\u016bvniec\u012bbai Tukum\u0101 ir labv\u0113l\u012bgs - Eolus<\/title>\n<meta name=\"robots\" content=\"index, follow, max-snippet:-1, max-image-preview:large, max-video-preview:-1\" \/>\n<link rel=\"canonical\" href=\"https:\/\/www.eolus.com\/lv\/blog\/mfn_news\/senata-lemums-veja-parka-buvniecibai-tukuma-ir-labveligs\/\" \/>\n<meta property=\"og:locale\" content=\"lv_LV\" \/>\n<meta property=\"og:type\" content=\"article\" \/>\n<meta property=\"og:title\" content=\"Sen\u0101ta l\u0113mums v\u0113ja parka b\u016bvniec\u012bbai Tukum\u0101 ir labv\u0113l\u012bgs - Eolus\" \/>\n<meta property=\"og:description\" content=\"2022. gada 11. janv&#257;ra Sen&#257;ta l&#275;mums p&#275;c b&#363;t&#299;bas &#316;auj uzs&#257;kt iecer&#275;t&#257; v&#275;ja parka &ldquo;Pienava wind&rdquo; b&#363;vniec&#299;bu Tukuma novad&#257;. Sen&#257;ts sav&#257; l&#275;mum&#257; pirms&scaron;&#311;ietami secina, ka v&#275;ja parka izb&#363;ve jau s&#257;kotn&#275;ji ir bijusi atbilsto&scaron;a pa&scaron;vald&#299;bas teritori&#257;lajam pl&#257;nojumam un vis&#257;m likum&#257; noteiktaj&#257;m ietekmes uz vidi pras&#299;b&#257;m. Sen&#257;ta l&#275;mums nav p&#257;rs&#363;dzams. Jau 2016. gad&#257; SIA &ldquo;Pienava wind&rdquo; uzs&#257;ka procesu&#257;l&#257;s [&hellip;]\" \/>\n<meta property=\"og:url\" content=\"https:\/\/www.eolus.com\/lv\/blog\/mfn_news\/senata-lemums-veja-parka-buvniecibai-tukuma-ir-labveligs\/\" \/>\n<meta property=\"og:site_name\" content=\"Eolus\" \/>\n<meta property=\"article:modified_time\" content=\"2024-02-20T12:02:43+00:00\" \/>\n<meta name=\"twitter:card\" content=\"summary_large_image\" \/>\n<meta name=\"twitter:label1\" content=\"Est. reading time\" \/>\n\t<meta name=\"twitter:data1\" content=\"2 minutes\" \/>\n<script type=\"application\/ld+json\" class=\"yoast-schema-graph\">{\"@context\":\"https:\\\/\\\/schema.org\",\"@graph\":[{\"@type\":\"WebPage\",\"@id\":\"https:\\\/\\\/www.eolus.com\\\/lv\\\/blog\\\/mfn_news\\\/senata-lemums-veja-parka-buvniecibai-tukuma-ir-labveligs\\\/\",\"url\":\"https:\\\/\\\/www.eolus.com\\\/lv\\\/blog\\\/mfn_news\\\/senata-lemums-veja-parka-buvniecibai-tukuma-ir-labveligs\\\/\",\"name\":\"Sen\u0101ta l\u0113mums v\u0113ja parka b\u016bvniec\u012bbai Tukum\u0101 ir labv\u0113l\u012bgs - Eolus\",\"isPartOf\":{\"@id\":\"https:\\\/\\\/www.eolus.com\\\/#website\"},\"datePublished\":\"2022-01-31T15:32:09+00:00\",\"dateModified\":\"2024-02-20T12:02:43+00:00\",\"breadcrumb\":{\"@id\":\"https:\\\/\\\/www.eolus.com\\\/lv\\\/blog\\\/mfn_news\\\/senata-lemums-veja-parka-buvniecibai-tukuma-ir-labveligs\\\/#breadcrumb\"},\"inLanguage\":\"lv-LV\",\"potentialAction\":[{\"@type\":\"ReadAction\",\"target\":[\"https:\\\/\\\/www.eolus.com\\\/lv\\\/blog\\\/mfn_news\\\/senata-lemums-veja-parka-buvniecibai-tukuma-ir-labveligs\\\/\"]}]},{\"@type\":\"BreadcrumbList\",\"@id\":\"https:\\\/\\\/www.eolus.com\\\/lv\\\/blog\\\/mfn_news\\\/senata-lemums-veja-parka-buvniecibai-tukuma-ir-labveligs\\\/#breadcrumb\",\"itemListElement\":[{\"@type\":\"ListItem\",\"position\":1,\"name\":\"Home\",\"item\":\"https:\\\/\\\/www.eolus.com\\\/lv\\\/\"},{\"@type\":\"ListItem\",\"position\":2,\"name\":\"MFN News Items\",\"item\":\"https:\\\/\\\/www.eolus.com\\\/blog\\\/mfn_news\\\/\"},{\"@type\":\"ListItem\",\"position\":3,\"name\":\"Sen\u0101ta l\u0113mums v\u0113ja parka b\u016bvniec\u012bbai Tukum\u0101 ir labv\u0113l\u012bgs\"}]},{\"@type\":\"WebSite\",\"@id\":\"https:\\\/\\\/www.eolus.com\\\/#website\",\"url\":\"https:\\\/\\\/www.eolus.com\\\/\",\"name\":\"Eolus\",\"description\":\"Shaping the Future of Renewable Energy\",\"potentialAction\":[{\"@type\":\"SearchAction\",\"target\":{\"@type\":\"EntryPoint\",\"urlTemplate\":\"https:\\\/\\\/www.eolus.com\\\/?s={search_term_string}\"},\"query-input\":{\"@type\":\"PropertyValueSpecification\",\"valueRequired\":true,\"valueName\":\"search_term_string\"}}],\"inLanguage\":\"lv-LV\"}]}<\/script>\n<!-- \/ Yoast SEO plugin. -->","yoast_head_json":{"title":"Sen\u0101ta l\u0113mums v\u0113ja parka b\u016bvniec\u012bbai Tukum\u0101 ir labv\u0113l\u012bgs - Eolus","robots":{"index":"index","follow":"follow","max-snippet":"max-snippet:-1","max-image-preview":"max-image-preview:large","max-video-preview":"max-video-preview:-1"},"canonical":"https:\/\/www.eolus.com\/lv\/blog\/mfn_news\/senata-lemums-veja-parka-buvniecibai-tukuma-ir-labveligs\/","og_locale":"lv_LV","og_type":"article","og_title":"Sen\u0101ta l\u0113mums v\u0113ja parka b\u016bvniec\u012bbai Tukum\u0101 ir labv\u0113l\u012bgs - Eolus","og_description":"2022. gada 11. janv&#257;ra Sen&#257;ta l&#275;mums p&#275;c b&#363;t&#299;bas &#316;auj uzs&#257;kt iecer&#275;t&#257; v&#275;ja parka &ldquo;Pienava wind&rdquo; b&#363;vniec&#299;bu Tukuma novad&#257;. Sen&#257;ts sav&#257; l&#275;mum&#257; pirms&scaron;&#311;ietami secina, ka v&#275;ja parka izb&#363;ve jau s&#257;kotn&#275;ji ir bijusi atbilsto&scaron;a pa&scaron;vald&#299;bas teritori&#257;lajam pl&#257;nojumam un vis&#257;m likum&#257; noteiktaj&#257;m ietekmes uz vidi pras&#299;b&#257;m. Sen&#257;ta l&#275;mums nav p&#257;rs&#363;dzams. Jau 2016. gad&#257; SIA &ldquo;Pienava wind&rdquo; uzs&#257;ka procesu&#257;l&#257;s [&hellip;]","og_url":"https:\/\/www.eolus.com\/lv\/blog\/mfn_news\/senata-lemums-veja-parka-buvniecibai-tukuma-ir-labveligs\/","og_site_name":"Eolus","article_modified_time":"2024-02-20T12:02:43+00:00","twitter_card":"summary_large_image","twitter_misc":{"Est. reading time":"2 minutes"},"schema":{"@context":"https:\/\/schema.org","@graph":[{"@type":"WebPage","@id":"https:\/\/www.eolus.com\/lv\/blog\/mfn_news\/senata-lemums-veja-parka-buvniecibai-tukuma-ir-labveligs\/","url":"https:\/\/www.eolus.com\/lv\/blog\/mfn_news\/senata-lemums-veja-parka-buvniecibai-tukuma-ir-labveligs\/","name":"Sen\u0101ta l\u0113mums v\u0113ja parka b\u016bvniec\u012bbai Tukum\u0101 ir labv\u0113l\u012bgs - Eolus","isPartOf":{"@id":"https:\/\/www.eolus.com\/#website"},"datePublished":"2022-01-31T15:32:09+00:00","dateModified":"2024-02-20T12:02:43+00:00","breadcrumb":{"@id":"https:\/\/www.eolus.com\/lv\/blog\/mfn_news\/senata-lemums-veja-parka-buvniecibai-tukuma-ir-labveligs\/#breadcrumb"},"inLanguage":"lv-LV","potentialAction":[{"@type":"ReadAction","target":["https:\/\/www.eolus.com\/lv\/blog\/mfn_news\/senata-lemums-veja-parka-buvniecibai-tukuma-ir-labveligs\/"]}]},{"@type":"BreadcrumbList","@id":"https:\/\/www.eolus.com\/lv\/blog\/mfn_news\/senata-lemums-veja-parka-buvniecibai-tukuma-ir-labveligs\/#breadcrumb","itemListElement":[{"@type":"ListItem","position":1,"name":"Home","item":"https:\/\/www.eolus.com\/lv\/"},{"@type":"ListItem","position":2,"name":"MFN News Items","item":"https:\/\/www.eolus.com\/blog\/mfn_news\/"},{"@type":"ListItem","position":3,"name":"Sen\u0101ta l\u0113mums v\u0113ja parka b\u016bvniec\u012bbai Tukum\u0101 ir labv\u0113l\u012bgs"}]},{"@type":"WebSite","@id":"https:\/\/www.eolus.com\/#website","url":"https:\/\/www.eolus.com\/","name":"Eolus","description":"Shaping the Future of Renewable Energy","potentialAction":[{"@type":"SearchAction","target":{"@type":"EntryPoint","urlTemplate":"https:\/\/www.eolus.com\/?s={search_term_string}"},"query-input":{"@type":"PropertyValueSpecification","valueRequired":true,"valueName":"search_term_string"}}],"inLanguage":"lv-LV"}]}},"_links":{"self":[{"href":"https:\/\/www.eolus.com\/lv\/wp-json\/wp\/v2\/mfn_news\/32431","targetHints":{"allow":["GET"]}}],"collection":[{"href":"https:\/\/www.eolus.com\/lv\/wp-json\/wp\/v2\/mfn_news"}],"about":[{"href":"https:\/\/www.eolus.com\/lv\/wp-json\/wp\/v2\/types\/mfn_news"}],"wp:attachment":[{"href":"https:\/\/www.eolus.com\/lv\/wp-json\/wp\/v2\/media?parent=32431"}],"curies":[{"name":"wp","href":"https:\/\/api.w.org\/{rel}","templated":true}]}}