{"id":56501,"date":"2024-08-20T13:20:00","date_gmt":"2024-08-20T11:20:00","guid":{"rendered":"https:\/\/www.eolus.com\/blog\/mfn_news\/veja-parka-valpene-windattistibas-ietvaros-notiks-helikoptera-lidojumi\/"},"modified":"2024-12-16T10:59:19","modified_gmt":"2024-12-16T09:59:19","slug":"veja-parka-valpene-windattistibas-ietvaros-notiks-helikoptera-lidojumi","status":"publish","type":"mfn_news","link":"https:\/\/www.eolus.com\/lv\/blog\/mfn_news\/veja-parka-valpene-windattistibas-ietvaros-notiks-helikoptera-lidojumi\/","title":{"rendered":"V\u0113ja parka &#8220;Valpene Wind&#8221;att\u012bst\u012bbas ietvaros notiks helikoptera lidojumi"},"content":{"rendered":"<div class=\"mfn-preamble\">\n<p class=\"mfn-wp-retain\"><strong>SIA \u201cValpene wind\u201d inform\u0113, ka Dundagas v\u0113ja parka projekta att\u012bst\u012bbas ietvaros, laik\u0101 no 26. l\u012bdz 30. augustam helikopters veiks materi\u0101lu p\u0101rvieto\u0161anu no Dundagas lidlauka l\u012bdz autoce\u013cam V1363. Helikoptera lidojuma grafiku noteiks darbu izpildes gaita un laikapst\u0101k\u013ci. T\u0101 k\u0101 tas ir pl\u0101nots rut\u012bnas pas\u0101kums, iedz\u012bvot\u0101ji ir aicin\u0101ti neuztraukties.<\/strong><\/p>\n<\/div>\n<div class=\"mfn-body\">\n<p class=\"mfn-wp-retain\">V\u0113ja m\u0113r\u012b\u0161anas ier\u012bces tiek uzst\u0101d\u012btas ar m\u0113r\u0137i veikt prec\u012bzus v\u0113ja m\u0113r\u012bjumus v\u0113ja parka iek\u0101rtu izv\u0113lei. Jau iepriek\u0161 v\u0113st\u012bts, ka \u201cValpene Wind\u201d v\u0113ja parka atra\u0161an\u0101s vietu liel\u0101 m\u0113r\u0101 noteica izcilie un piem\u0113rotie v\u0113ja apst\u0101k\u013ci.<\/p>\n<p class=\"mfn-wp-retain\">\nSIA \u201cValpene wind\u201d ir v\u0113ja parka att\u012bst\u012bt\u0101ja \u201cEolus\u201d uz\u0146\u0113mums. \u201cEolus\u201d ir meitas uz\u0146\u0113mums Zviedrij\u0101 izveidotajam \u201cEolus Vind\u201d, kur\u0161 vair\u0101k nek\u0101 30 gadu laik\u0101 ir k\u013cuvis par starptautiski atz\u012btu v\u0113ja parku att\u012bst\u012bt\u0101ju un nozares ilggtermi\u0146a tirgus dal\u012bbnieku.<\/p>\n<\/div>\n<div class=\"mfn-footer mfn-attachment mfn-attachment-image\"><\/div>\n<script>\n                Array.prototype.slice.call(document.querySelectorAll(\".mfn-footer.mfn-attachment\")).forEach(function (el) { el.remove() });\n            <\/script>\n        <div class=\"mfn-attachments-container\"><div class=\"mfn-attachment mfn-image-primary\"><a class=\"mfn-attachment-link\" href=\"https:\/\/storage.mfn.se\/2e35d192-2d3b-4f6a-8b49-80f56fda2ad8\/img-3497.jpeg\"><span class=\"mfn-attachment-icon\"><img decoding=\"async\" src=\"https:\/\/storage.mfn.se\/2e35d192-2d3b-4f6a-8b49-80f56fda2ad8\/img-3497.jpeg?size=w-512\"><\/span>IMG 3497<\/a><\/div><\/div>","protected":false},"excerpt":{"rendered":"<p>SIA \u201cValpene wind\u201d inform\u0113, ka Dundagas v\u0113ja parka projekta att\u012bst\u012bbas ietvaros, laik\u0101 no 26. l\u012bdz 30. augustam helikopters veiks materi\u0101lu p\u0101rvieto\u0161anu no Dundagas lidlauka l\u012bdz autoce\u013cam V1363. Helikoptera lidojuma grafiku noteiks darbu izpildes gaita un laikapst\u0101k\u013ci. T\u0101 k\u0101 tas ir pl\u0101nots rut\u012bnas pas\u0101kums, iedz\u012bvot\u0101ji ir aicin\u0101ti neuztraukties. V\u0113ja m\u0113r\u012b\u0161anas ier\u012bces tiek uzst\u0101d\u012btas ar m\u0113r\u0137i veikt [&hellip;]<\/p>\n","protected":false},"featured_media":56502,"template":"","class_list":["post-56501","mfn_news","type-mfn_news","status-publish","has-post-thumbnail","hentry","mfn-news-tag-mfn_lv","mfn-news-tag-mfn-lang-lv_lv","mfn-news-tag-mfn-type-pr_lv"],"acf":[],"yoast_head":"<!-- This site is optimized with the Yoast SEO plugin v27.3 - https:\/\/yoast.com\/product\/yoast-seo-wordpress\/ -->\n<title>V\u0113ja parka &quot;Valpene Wind&quot;att\u012bst\u012bbas ietvaros notiks helikoptera lidojumi - Eolus<\/title>\n<meta name=\"robots\" content=\"index, follow, max-snippet:-1, max-image-preview:large, max-video-preview:-1\" \/>\n<link rel=\"canonical\" href=\"https:\/\/www.eolus.com\/lv\/blog\/mfn_news\/veja-parka-valpene-windattistibas-ietvaros-notiks-helikoptera-lidojumi\/\" \/>\n<meta property=\"og:locale\" content=\"lv_LV\" \/>\n<meta property=\"og:type\" content=\"article\" \/>\n<meta property=\"og:title\" content=\"V\u0113ja parka &quot;Valpene Wind&quot;att\u012bst\u012bbas ietvaros notiks helikoptera lidojumi - Eolus\" \/>\n<meta property=\"og:description\" content=\"SIA \u201cValpene wind\u201d inform\u0113, ka Dundagas v\u0113ja parka projekta att\u012bst\u012bbas ietvaros, laik\u0101 no 26. l\u012bdz 30. augustam helikopters veiks materi\u0101lu p\u0101rvieto\u0161anu no Dundagas lidlauka l\u012bdz autoce\u013cam V1363. Helikoptera lidojuma grafiku noteiks darbu izpildes gaita un laikapst\u0101k\u013ci. T\u0101 k\u0101 tas ir pl\u0101nots rut\u012bnas pas\u0101kums, iedz\u012bvot\u0101ji ir aicin\u0101ti neuztraukties. V\u0113ja m\u0113r\u012b\u0161anas ier\u012bces tiek uzst\u0101d\u012btas ar m\u0113r\u0137i veikt [&hellip;]\" \/>\n<meta property=\"og:url\" content=\"https:\/\/www.eolus.com\/lv\/blog\/mfn_news\/veja-parka-valpene-windattistibas-ietvaros-notiks-helikoptera-lidojumi\/\" \/>\n<meta property=\"og:site_name\" content=\"Eolus\" \/>\n<meta property=\"article:modified_time\" content=\"2024-12-16T09:59:19+00:00\" \/>\n<meta property=\"og:image\" content=\"https:\/\/www.eolus.com\/wp-content\/uploads\/2024\/08\/img-3497.jpeg\" \/>\n\t<meta property=\"og:image:width\" content=\"2560\" \/>\n\t<meta property=\"og:image:height\" content=\"1707\" \/>\n\t<meta property=\"og:image:type\" content=\"image\/jpeg\" \/>\n<meta name=\"twitter:card\" content=\"summary_large_image\" \/>\n<meta name=\"twitter:label1\" content=\"Est. reading time\" \/>\n\t<meta name=\"twitter:data1\" content=\"1 minute\" \/>\n<script type=\"application\/ld+json\" class=\"yoast-schema-graph\">{\"@context\":\"https:\\\/\\\/schema.org\",\"@graph\":[{\"@type\":\"WebPage\",\"@id\":\"https:\\\/\\\/www.eolus.com\\\/lv\\\/blog\\\/mfn_news\\\/veja-parka-valpene-windattistibas-ietvaros-notiks-helikoptera-lidojumi\\\/\",\"url\":\"https:\\\/\\\/www.eolus.com\\\/lv\\\/blog\\\/mfn_news\\\/veja-parka-valpene-windattistibas-ietvaros-notiks-helikoptera-lidojumi\\\/\",\"name\":\"V\u0113ja parka \\\"Valpene Wind\\\"att\u012bst\u012bbas ietvaros notiks helikoptera lidojumi - Eolus\",\"isPartOf\":{\"@id\":\"https:\\\/\\\/www.eolus.com\\\/#website\"},\"primaryImageOfPage\":{\"@id\":\"https:\\\/\\\/www.eolus.com\\\/lv\\\/blog\\\/mfn_news\\\/veja-parka-valpene-windattistibas-ietvaros-notiks-helikoptera-lidojumi\\\/#primaryimage\"},\"image\":{\"@id\":\"https:\\\/\\\/www.eolus.com\\\/lv\\\/blog\\\/mfn_news\\\/veja-parka-valpene-windattistibas-ietvaros-notiks-helikoptera-lidojumi\\\/#primaryimage\"},\"thumbnailUrl\":\"https:\\\/\\\/www.eolus.com\\\/wp-content\\\/uploads\\\/2024\\\/08\\\/img-3497.jpeg\",\"datePublished\":\"2024-08-20T11:20:00+00:00\",\"dateModified\":\"2024-12-16T09:59:19+00:00\",\"breadcrumb\":{\"@id\":\"https:\\\/\\\/www.eolus.com\\\/lv\\\/blog\\\/mfn_news\\\/veja-parka-valpene-windattistibas-ietvaros-notiks-helikoptera-lidojumi\\\/#breadcrumb\"},\"inLanguage\":\"lv-LV\",\"potentialAction\":[{\"@type\":\"ReadAction\",\"target\":[\"https:\\\/\\\/www.eolus.com\\\/lv\\\/blog\\\/mfn_news\\\/veja-parka-valpene-windattistibas-ietvaros-notiks-helikoptera-lidojumi\\\/\"]}]},{\"@type\":\"ImageObject\",\"inLanguage\":\"lv-LV\",\"@id\":\"https:\\\/\\\/www.eolus.com\\\/lv\\\/blog\\\/mfn_news\\\/veja-parka-valpene-windattistibas-ietvaros-notiks-helikoptera-lidojumi\\\/#primaryimage\",\"url\":\"https:\\\/\\\/www.eolus.com\\\/wp-content\\\/uploads\\\/2024\\\/08\\\/img-3497.jpeg\",\"contentUrl\":\"https:\\\/\\\/www.eolus.com\\\/wp-content\\\/uploads\\\/2024\\\/08\\\/img-3497.jpeg\",\"width\":2560,\"height\":1707},{\"@type\":\"BreadcrumbList\",\"@id\":\"https:\\\/\\\/www.eolus.com\\\/lv\\\/blog\\\/mfn_news\\\/veja-parka-valpene-windattistibas-ietvaros-notiks-helikoptera-lidojumi\\\/#breadcrumb\",\"itemListElement\":[{\"@type\":\"ListItem\",\"position\":1,\"name\":\"Home\",\"item\":\"https:\\\/\\\/www.eolus.com\\\/lv\\\/\"},{\"@type\":\"ListItem\",\"position\":2,\"name\":\"MFN News Items\",\"item\":\"https:\\\/\\\/www.eolus.com\\\/blog\\\/mfn_news\\\/\"},{\"@type\":\"ListItem\",\"position\":3,\"name\":\"V\u0113ja parka &#8220;Valpene Wind&#8221;att\u012bst\u012bbas ietvaros notiks helikoptera lidojumi\"}]},{\"@type\":\"WebSite\",\"@id\":\"https:\\\/\\\/www.eolus.com\\\/#website\",\"url\":\"https:\\\/\\\/www.eolus.com\\\/\",\"name\":\"Eolus\",\"description\":\"Shaping the Future of Renewable Energy\",\"potentialAction\":[{\"@type\":\"SearchAction\",\"target\":{\"@type\":\"EntryPoint\",\"urlTemplate\":\"https:\\\/\\\/www.eolus.com\\\/?s={search_term_string}\"},\"query-input\":{\"@type\":\"PropertyValueSpecification\",\"valueRequired\":true,\"valueName\":\"search_term_string\"}}],\"inLanguage\":\"lv-LV\"}]}<\/script>\n<!-- \/ Yoast SEO plugin. -->","yoast_head_json":{"title":"V\u0113ja parka \"Valpene Wind\"att\u012bst\u012bbas ietvaros notiks helikoptera lidojumi - Eolus","robots":{"index":"index","follow":"follow","max-snippet":"max-snippet:-1","max-image-preview":"max-image-preview:large","max-video-preview":"max-video-preview:-1"},"canonical":"https:\/\/www.eolus.com\/lv\/blog\/mfn_news\/veja-parka-valpene-windattistibas-ietvaros-notiks-helikoptera-lidojumi\/","og_locale":"lv_LV","og_type":"article","og_title":"V\u0113ja parka \"Valpene Wind\"att\u012bst\u012bbas ietvaros notiks helikoptera lidojumi - Eolus","og_description":"SIA \u201cValpene wind\u201d inform\u0113, ka Dundagas v\u0113ja parka projekta att\u012bst\u012bbas ietvaros, laik\u0101 no 26. l\u012bdz 30. augustam helikopters veiks materi\u0101lu p\u0101rvieto\u0161anu no Dundagas lidlauka l\u012bdz autoce\u013cam V1363. Helikoptera lidojuma grafiku noteiks darbu izpildes gaita un laikapst\u0101k\u013ci. T\u0101 k\u0101 tas ir pl\u0101nots rut\u012bnas pas\u0101kums, iedz\u012bvot\u0101ji ir aicin\u0101ti neuztraukties. V\u0113ja m\u0113r\u012b\u0161anas ier\u012bces tiek uzst\u0101d\u012btas ar m\u0113r\u0137i veikt [&hellip;]","og_url":"https:\/\/www.eolus.com\/lv\/blog\/mfn_news\/veja-parka-valpene-windattistibas-ietvaros-notiks-helikoptera-lidojumi\/","og_site_name":"Eolus","article_modified_time":"2024-12-16T09:59:19+00:00","og_image":[{"width":2560,"height":1707,"url":"https:\/\/www.eolus.com\/wp-content\/uploads\/2024\/08\/img-3497.jpeg","type":"image\/jpeg"}],"twitter_card":"summary_large_image","twitter_misc":{"Est. reading time":"1 minute"},"schema":{"@context":"https:\/\/schema.org","@graph":[{"@type":"WebPage","@id":"https:\/\/www.eolus.com\/lv\/blog\/mfn_news\/veja-parka-valpene-windattistibas-ietvaros-notiks-helikoptera-lidojumi\/","url":"https:\/\/www.eolus.com\/lv\/blog\/mfn_news\/veja-parka-valpene-windattistibas-ietvaros-notiks-helikoptera-lidojumi\/","name":"V\u0113ja parka \"Valpene Wind\"att\u012bst\u012bbas ietvaros notiks helikoptera lidojumi - Eolus","isPartOf":{"@id":"https:\/\/www.eolus.com\/#website"},"primaryImageOfPage":{"@id":"https:\/\/www.eolus.com\/lv\/blog\/mfn_news\/veja-parka-valpene-windattistibas-ietvaros-notiks-helikoptera-lidojumi\/#primaryimage"},"image":{"@id":"https:\/\/www.eolus.com\/lv\/blog\/mfn_news\/veja-parka-valpene-windattistibas-ietvaros-notiks-helikoptera-lidojumi\/#primaryimage"},"thumbnailUrl":"https:\/\/www.eolus.com\/wp-content\/uploads\/2024\/08\/img-3497.jpeg","datePublished":"2024-08-20T11:20:00+00:00","dateModified":"2024-12-16T09:59:19+00:00","breadcrumb":{"@id":"https:\/\/www.eolus.com\/lv\/blog\/mfn_news\/veja-parka-valpene-windattistibas-ietvaros-notiks-helikoptera-lidojumi\/#breadcrumb"},"inLanguage":"lv-LV","potentialAction":[{"@type":"ReadAction","target":["https:\/\/www.eolus.com\/lv\/blog\/mfn_news\/veja-parka-valpene-windattistibas-ietvaros-notiks-helikoptera-lidojumi\/"]}]},{"@type":"ImageObject","inLanguage":"lv-LV","@id":"https:\/\/www.eolus.com\/lv\/blog\/mfn_news\/veja-parka-valpene-windattistibas-ietvaros-notiks-helikoptera-lidojumi\/#primaryimage","url":"https:\/\/www.eolus.com\/wp-content\/uploads\/2024\/08\/img-3497.jpeg","contentUrl":"https:\/\/www.eolus.com\/wp-content\/uploads\/2024\/08\/img-3497.jpeg","width":2560,"height":1707},{"@type":"BreadcrumbList","@id":"https:\/\/www.eolus.com\/lv\/blog\/mfn_news\/veja-parka-valpene-windattistibas-ietvaros-notiks-helikoptera-lidojumi\/#breadcrumb","itemListElement":[{"@type":"ListItem","position":1,"name":"Home","item":"https:\/\/www.eolus.com\/lv\/"},{"@type":"ListItem","position":2,"name":"MFN News Items","item":"https:\/\/www.eolus.com\/blog\/mfn_news\/"},{"@type":"ListItem","position":3,"name":"V\u0113ja parka &#8220;Valpene Wind&#8221;att\u012bst\u012bbas ietvaros notiks helikoptera lidojumi"}]},{"@type":"WebSite","@id":"https:\/\/www.eolus.com\/#website","url":"https:\/\/www.eolus.com\/","name":"Eolus","description":"Shaping the Future of Renewable Energy","potentialAction":[{"@type":"SearchAction","target":{"@type":"EntryPoint","urlTemplate":"https:\/\/www.eolus.com\/?s={search_term_string}"},"query-input":{"@type":"PropertyValueSpecification","valueRequired":true,"valueName":"search_term_string"}}],"inLanguage":"lv-LV"}]}},"_links":{"self":[{"href":"https:\/\/www.eolus.com\/lv\/wp-json\/wp\/v2\/mfn_news\/56501","targetHints":{"allow":["GET"]}}],"collection":[{"href":"https:\/\/www.eolus.com\/lv\/wp-json\/wp\/v2\/mfn_news"}],"about":[{"href":"https:\/\/www.eolus.com\/lv\/wp-json\/wp\/v2\/types\/mfn_news"}],"wp:featuredmedia":[{"embeddable":true,"href":"https:\/\/www.eolus.com\/lv\/wp-json\/wp\/v2\/media\/56502"}],"wp:attachment":[{"href":"https:\/\/www.eolus.com\/lv\/wp-json\/wp\/v2\/media?parent=56501"}],"curies":[{"name":"wp","href":"https:\/\/api.w.org\/{rel}","templated":true}]}}