{"id":58505,"date":"2025-01-14T15:49:31","date_gmt":"2025-01-14T14:49:31","guid":{"rendered":"https:\/\/www.eolus.com\/?post_type=mfn_news&#038;p=58505"},"modified":"2025-01-14T15:49:31","modified_gmt":"2025-01-14T14:49:31","slug":"notiks-publiska-apspriede-par-detalplanojumu-pienava-wind-6-un-pienava-wind-7","status":"publish","type":"mfn_news","link":"https:\/\/www.eolus.com\/lv\/blog\/mfn_news\/notiks-publiska-apspriede-par-detalplanojumu-pienava-wind-6-un-pienava-wind-7\/","title":{"rendered":"Notiks publisk\u0101 apspriede par det\u0101lpl\u0101nojumu &#8220;Pienava Wind 6&#8221; un &#8220;Pienava Wind 7&#8221;"},"content":{"rendered":"<p>Aicin\u0101m D\u017e\u016bkstes pagasta iedz\u012bvot\u0101jus piedal\u012bties publiskaj\u0101 apsprie\u0161anas san\u0101ksm\u0113 par det\u0101lpl\u0101nojumu &#8220;Pienava Wind 6&#8221; un &#8220;Pienava Wind 7&#8221;.<br \/>\nDet\u0101lpl\u0101nojuma izstr\u0101des m\u0113r\u0137is ir rad\u012bt nosac\u012bjumus v\u0113ja parka izveidei, preciz\u0113jot un detaliz\u0113jot v\u0113ja elektrostaciju izvietojumu un veidojot racion\u0101lu apkalpojo\u0161o infrastrukt\u016bru.<\/p>\n<p>Publisk\u0101s apsprie\u0161anas periods ir no 2025. gada 6. l\u012bdz 24. janv\u0101rim. Publisk\u0101s apsprie\u0161anas san\u0101ksme notiks 2025. gada 21. janv\u0101r\u012b, plkst. 18.00, kl\u0101tien\u0113 (D\u017e\u016bkstes pagasta p\u0101rvald\u0113, &#8220;Biedr\u012bbu nams&#8221;, D\u017e\u016bkst\u0113) un att\u0101lin\u0101ti (saite, lai piesl\u0113gtos: <a href=\"https:\/\/ej.uz\/Pienava_wind\">https:\/\/ej.uz\/Pienava_wind<\/a>)<\/p>\n<p>Ar det\u0101lpl\u0101nojuma redakcijas materi\u0101liem iesp\u0113jams iepaz\u012bties Tukuma novada pa\u0161vald\u012bb\u0101 un Latvijas \u0123eotelpisk\u0101s inform\u0101cijas port\u0101l\u0101, saites uz dokumentiem:<\/p>\n<ul>\n<li>\u201cPienava Wind 6\u201d teritorijai: <a href=\"https:\/\/geolatvija.lv\/geo\/tapis#document_30875\">https:\/\/geolatvija.lv\/geo\/tapis#document_30875<\/a><\/li>\n<li>\u201cPienava Wind 7\u201d teritorijai: <a href=\"https:\/\/geolatvija.lv\/geo\/tapis#document_30877\">https:\/\/geolatvija.lv\/geo\/tapis#document_30877<\/a><\/li>\n<\/ul>\n<p>Interesentus, kas v\u0113las iepaz\u012bties ar det\u0101lpl\u0101nojuma redakcijas materi\u0101liem kl\u0101tien\u0113, k\u0101 ar\u012b sa\u0146emt kl\u0101tienes konsult\u0101ciju, l\u016bdzam sazin\u0101ties ar Tukuma novada pa\u0161vald\u012bbas Att\u012bst\u012bbas noda\u013cas teritorijas pl\u0101not\u0101ju Ingu Tramdahu pa t\u0101lr. +371 25426889 vai rakst\u012bt e-past\u0101: inga.tramdaha@tukums.lv.<\/p>\n<p>Rakstiskus priek\u0161likumus var iesniegt (vai nos\u016bt\u012bt pa pastu):<\/p>\n<ul>\n<li>Tukuma novada pa\u0161vald\u012bb\u0101 (adrese: Talsu iela 4, Tukums, Tukuma novads, LV-3101), e-pasts (elektroniski parakst\u012btiem dokumentiem): pasts@tukums.lv.<\/li>\n<li>Latvijas \u0123eotelpisk\u0101s inform\u0101cijas port\u0101la www.geolatvija.lv sada\u013c\u0101 \u201cTeritorijas att\u012bst\u012bbas pl\u0101no\u0161ana\u201d.<\/li>\n<\/ul>\n<p>Neskaidr\u012bbu gad\u012bjum\u0101 iesp\u0113jams v\u0113rsties Tukuma novada pa\u0161vald\u012bb\u0101, t\u0101lr. +371 25426889, teritorijas pl\u0101not\u0101ja Inga Tramdaha.<\/p>\n<p>Tukuma novada dome 2024. gada 19.decembr\u012b pie\u0146\u0113ma l\u0113mumus par det\u0101lpl\u0101nojumu &#8220;Pienava Wind 6&#8221; un &#8220;Pienava Wind 7&#8221;, D\u017e\u016bkstes pagast\u0101, Tukuma novad\u0101 nodo\u0161anu publiskajai apsprie\u0161anai un atzinumu sa\u0146em\u0161anai.<\/p>\n<script>\n                Array.prototype.slice.call(document.querySelectorAll(\".mfn-footer.mfn-attachment\")).forEach(function (el) { el.remove() });\n            <\/script>\n        <div class=\"mfn-attachments-container\"><\/div>","protected":false},"excerpt":{"rendered":"<p>Aicin\u0101m D\u017e\u016bkstes pagasta iedz\u012bvot\u0101jus piedal\u012bties publiskaj\u0101 apsprie\u0161anas san\u0101ksm\u0113 par det\u0101lpl\u0101nojumu &#8220;Pienava Wind 6&#8221; un &#8220;Pienava Wind 7&#8221;. Det\u0101lpl\u0101nojuma izstr\u0101des m\u0113r\u0137is ir rad\u012bt nosac\u012bjumus v\u0113ja parka izveidei, preciz\u0113jot un detaliz\u0113jot v\u0113ja elektrostaciju izvietojumu un veidojot racion\u0101lu apkalpojo\u0161o infrastrukt\u016bru. Publisk\u0101s apsprie\u0161anas periods ir no 2025. gada 6. l\u012bdz 24. janv\u0101rim. Publisk\u0101s apsprie\u0161anas san\u0101ksme notiks 2025. gada 21. [&hellip;]<\/p>\n","protected":false},"featured_media":58506,"template":"","class_list":["post-58505","mfn_news","type-mfn_news","status-publish","has-post-thumbnail","hentry","mfn-news-tag-mfn_lv","mfn-news-tag-mfn-lang-lv_lv","mfn-news-tag-mfn-type-pr_lv"],"acf":[],"yoast_head":"<!-- This site is optimized with the Yoast SEO plugin v27.3 - https:\/\/yoast.com\/product\/yoast-seo-wordpress\/ -->\n<title>Notiks publisk\u0101 apspriede par det\u0101lpl\u0101nojumu &quot;Pienava Wind 6&quot; un &quot;Pienava Wind 7&quot; - Eolus<\/title>\n<meta name=\"robots\" content=\"index, follow, max-snippet:-1, max-image-preview:large, max-video-preview:-1\" \/>\n<link rel=\"canonical\" href=\"https:\/\/www.eolus.com\/lv\/blog\/mfn_news\/notiks-publiska-apspriede-par-detalplanojumu-pienava-wind-6-un-pienava-wind-7\/\" \/>\n<meta property=\"og:locale\" content=\"lv_LV\" \/>\n<meta property=\"og:type\" content=\"article\" \/>\n<meta property=\"og:title\" content=\"Notiks publisk\u0101 apspriede par det\u0101lpl\u0101nojumu &quot;Pienava Wind 6&quot; un &quot;Pienava Wind 7&quot; - Eolus\" \/>\n<meta property=\"og:description\" content=\"Aicin\u0101m D\u017e\u016bkstes pagasta iedz\u012bvot\u0101jus piedal\u012bties publiskaj\u0101 apsprie\u0161anas san\u0101ksm\u0113 par det\u0101lpl\u0101nojumu &#8220;Pienava Wind 6&#8221; un &#8220;Pienava Wind 7&#8221;. Det\u0101lpl\u0101nojuma izstr\u0101des m\u0113r\u0137is ir rad\u012bt nosac\u012bjumus v\u0113ja parka izveidei, preciz\u0113jot un detaliz\u0113jot v\u0113ja elektrostaciju izvietojumu un veidojot racion\u0101lu apkalpojo\u0161o infrastrukt\u016bru. Publisk\u0101s apsprie\u0161anas periods ir no 2025. gada 6. l\u012bdz 24. janv\u0101rim. Publisk\u0101s apsprie\u0161anas san\u0101ksme notiks 2025. gada 21. [&hellip;]\" \/>\n<meta property=\"og:url\" content=\"https:\/\/www.eolus.com\/lv\/blog\/mfn_news\/notiks-publiska-apspriede-par-detalplanojumu-pienava-wind-6-un-pienava-wind-7\/\" \/>\n<meta property=\"og:site_name\" content=\"Eolus\" \/>\n<meta property=\"og:image\" content=\"https:\/\/www.eolus.com\/wp-content\/uploads\/2025\/01\/Pienava-WInd-scaled.jpg\" \/>\n\t<meta property=\"og:image:width\" content=\"2560\" \/>\n\t<meta property=\"og:image:height\" content=\"1440\" \/>\n\t<meta property=\"og:image:type\" content=\"image\/jpeg\" \/>\n<meta name=\"twitter:card\" content=\"summary_large_image\" \/>\n<meta name=\"twitter:label1\" content=\"Est. reading time\" \/>\n\t<meta name=\"twitter:data1\" content=\"2 minutes\" \/>\n<script type=\"application\/ld+json\" class=\"yoast-schema-graph\">{\"@context\":\"https:\\\/\\\/schema.org\",\"@graph\":[{\"@type\":\"WebPage\",\"@id\":\"https:\\\/\\\/www.eolus.com\\\/lv\\\/blog\\\/mfn_news\\\/notiks-publiska-apspriede-par-detalplanojumu-pienava-wind-6-un-pienava-wind-7\\\/\",\"url\":\"https:\\\/\\\/www.eolus.com\\\/lv\\\/blog\\\/mfn_news\\\/notiks-publiska-apspriede-par-detalplanojumu-pienava-wind-6-un-pienava-wind-7\\\/\",\"name\":\"Notiks publisk\u0101 apspriede par det\u0101lpl\u0101nojumu \\\"Pienava Wind 6\\\" un \\\"Pienava Wind 7\\\" - Eolus\",\"isPartOf\":{\"@id\":\"https:\\\/\\\/www.eolus.com\\\/#website\"},\"primaryImageOfPage\":{\"@id\":\"https:\\\/\\\/www.eolus.com\\\/lv\\\/blog\\\/mfn_news\\\/notiks-publiska-apspriede-par-detalplanojumu-pienava-wind-6-un-pienava-wind-7\\\/#primaryimage\"},\"image\":{\"@id\":\"https:\\\/\\\/www.eolus.com\\\/lv\\\/blog\\\/mfn_news\\\/notiks-publiska-apspriede-par-detalplanojumu-pienava-wind-6-un-pienava-wind-7\\\/#primaryimage\"},\"thumbnailUrl\":\"https:\\\/\\\/www.eolus.com\\\/wp-content\\\/uploads\\\/2025\\\/01\\\/Pienava-WInd-scaled.jpg\",\"datePublished\":\"2025-01-14T14:49:31+00:00\",\"breadcrumb\":{\"@id\":\"https:\\\/\\\/www.eolus.com\\\/lv\\\/blog\\\/mfn_news\\\/notiks-publiska-apspriede-par-detalplanojumu-pienava-wind-6-un-pienava-wind-7\\\/#breadcrumb\"},\"inLanguage\":\"lv-LV\",\"potentialAction\":[{\"@type\":\"ReadAction\",\"target\":[\"https:\\\/\\\/www.eolus.com\\\/lv\\\/blog\\\/mfn_news\\\/notiks-publiska-apspriede-par-detalplanojumu-pienava-wind-6-un-pienava-wind-7\\\/\"]}]},{\"@type\":\"ImageObject\",\"inLanguage\":\"lv-LV\",\"@id\":\"https:\\\/\\\/www.eolus.com\\\/lv\\\/blog\\\/mfn_news\\\/notiks-publiska-apspriede-par-detalplanojumu-pienava-wind-6-un-pienava-wind-7\\\/#primaryimage\",\"url\":\"https:\\\/\\\/www.eolus.com\\\/wp-content\\\/uploads\\\/2025\\\/01\\\/Pienava-WInd-scaled.jpg\",\"contentUrl\":\"https:\\\/\\\/www.eolus.com\\\/wp-content\\\/uploads\\\/2025\\\/01\\\/Pienava-WInd-scaled.jpg\",\"width\":2560,\"height\":1440},{\"@type\":\"BreadcrumbList\",\"@id\":\"https:\\\/\\\/www.eolus.com\\\/lv\\\/blog\\\/mfn_news\\\/notiks-publiska-apspriede-par-detalplanojumu-pienava-wind-6-un-pienava-wind-7\\\/#breadcrumb\",\"itemListElement\":[{\"@type\":\"ListItem\",\"position\":1,\"name\":\"Home\",\"item\":\"https:\\\/\\\/www.eolus.com\\\/lv\\\/\"},{\"@type\":\"ListItem\",\"position\":2,\"name\":\"MFN News Items\",\"item\":\"https:\\\/\\\/www.eolus.com\\\/blog\\\/mfn_news\\\/\"},{\"@type\":\"ListItem\",\"position\":3,\"name\":\"Notiks publisk\u0101 apspriede par det\u0101lpl\u0101nojumu &#8220;Pienava Wind 6&#8221; un &#8220;Pienava Wind 7&#8221;\"}]},{\"@type\":\"WebSite\",\"@id\":\"https:\\\/\\\/www.eolus.com\\\/#website\",\"url\":\"https:\\\/\\\/www.eolus.com\\\/\",\"name\":\"Eolus\",\"description\":\"Shaping the Future of Renewable Energy\",\"potentialAction\":[{\"@type\":\"SearchAction\",\"target\":{\"@type\":\"EntryPoint\",\"urlTemplate\":\"https:\\\/\\\/www.eolus.com\\\/?s={search_term_string}\"},\"query-input\":{\"@type\":\"PropertyValueSpecification\",\"valueRequired\":true,\"valueName\":\"search_term_string\"}}],\"inLanguage\":\"lv-LV\"}]}<\/script>\n<!-- \/ Yoast SEO plugin. -->","yoast_head_json":{"title":"Notiks publisk\u0101 apspriede par det\u0101lpl\u0101nojumu \"Pienava Wind 6\" un \"Pienava Wind 7\" - Eolus","robots":{"index":"index","follow":"follow","max-snippet":"max-snippet:-1","max-image-preview":"max-image-preview:large","max-video-preview":"max-video-preview:-1"},"canonical":"https:\/\/www.eolus.com\/lv\/blog\/mfn_news\/notiks-publiska-apspriede-par-detalplanojumu-pienava-wind-6-un-pienava-wind-7\/","og_locale":"lv_LV","og_type":"article","og_title":"Notiks publisk\u0101 apspriede par det\u0101lpl\u0101nojumu \"Pienava Wind 6\" un \"Pienava Wind 7\" - Eolus","og_description":"Aicin\u0101m D\u017e\u016bkstes pagasta iedz\u012bvot\u0101jus piedal\u012bties publiskaj\u0101 apsprie\u0161anas san\u0101ksm\u0113 par det\u0101lpl\u0101nojumu &#8220;Pienava Wind 6&#8221; un &#8220;Pienava Wind 7&#8221;. Det\u0101lpl\u0101nojuma izstr\u0101des m\u0113r\u0137is ir rad\u012bt nosac\u012bjumus v\u0113ja parka izveidei, preciz\u0113jot un detaliz\u0113jot v\u0113ja elektrostaciju izvietojumu un veidojot racion\u0101lu apkalpojo\u0161o infrastrukt\u016bru. Publisk\u0101s apsprie\u0161anas periods ir no 2025. gada 6. l\u012bdz 24. janv\u0101rim. Publisk\u0101s apsprie\u0161anas san\u0101ksme notiks 2025. gada 21. [&hellip;]","og_url":"https:\/\/www.eolus.com\/lv\/blog\/mfn_news\/notiks-publiska-apspriede-par-detalplanojumu-pienava-wind-6-un-pienava-wind-7\/","og_site_name":"Eolus","og_image":[{"width":2560,"height":1440,"url":"https:\/\/www.eolus.com\/wp-content\/uploads\/2025\/01\/Pienava-WInd-scaled.jpg","type":"image\/jpeg"}],"twitter_card":"summary_large_image","twitter_misc":{"Est. reading time":"2 minutes"},"schema":{"@context":"https:\/\/schema.org","@graph":[{"@type":"WebPage","@id":"https:\/\/www.eolus.com\/lv\/blog\/mfn_news\/notiks-publiska-apspriede-par-detalplanojumu-pienava-wind-6-un-pienava-wind-7\/","url":"https:\/\/www.eolus.com\/lv\/blog\/mfn_news\/notiks-publiska-apspriede-par-detalplanojumu-pienava-wind-6-un-pienava-wind-7\/","name":"Notiks publisk\u0101 apspriede par det\u0101lpl\u0101nojumu \"Pienava Wind 6\" un \"Pienava Wind 7\" - Eolus","isPartOf":{"@id":"https:\/\/www.eolus.com\/#website"},"primaryImageOfPage":{"@id":"https:\/\/www.eolus.com\/lv\/blog\/mfn_news\/notiks-publiska-apspriede-par-detalplanojumu-pienava-wind-6-un-pienava-wind-7\/#primaryimage"},"image":{"@id":"https:\/\/www.eolus.com\/lv\/blog\/mfn_news\/notiks-publiska-apspriede-par-detalplanojumu-pienava-wind-6-un-pienava-wind-7\/#primaryimage"},"thumbnailUrl":"https:\/\/www.eolus.com\/wp-content\/uploads\/2025\/01\/Pienava-WInd-scaled.jpg","datePublished":"2025-01-14T14:49:31+00:00","breadcrumb":{"@id":"https:\/\/www.eolus.com\/lv\/blog\/mfn_news\/notiks-publiska-apspriede-par-detalplanojumu-pienava-wind-6-un-pienava-wind-7\/#breadcrumb"},"inLanguage":"lv-LV","potentialAction":[{"@type":"ReadAction","target":["https:\/\/www.eolus.com\/lv\/blog\/mfn_news\/notiks-publiska-apspriede-par-detalplanojumu-pienava-wind-6-un-pienava-wind-7\/"]}]},{"@type":"ImageObject","inLanguage":"lv-LV","@id":"https:\/\/www.eolus.com\/lv\/blog\/mfn_news\/notiks-publiska-apspriede-par-detalplanojumu-pienava-wind-6-un-pienava-wind-7\/#primaryimage","url":"https:\/\/www.eolus.com\/wp-content\/uploads\/2025\/01\/Pienava-WInd-scaled.jpg","contentUrl":"https:\/\/www.eolus.com\/wp-content\/uploads\/2025\/01\/Pienava-WInd-scaled.jpg","width":2560,"height":1440},{"@type":"BreadcrumbList","@id":"https:\/\/www.eolus.com\/lv\/blog\/mfn_news\/notiks-publiska-apspriede-par-detalplanojumu-pienava-wind-6-un-pienava-wind-7\/#breadcrumb","itemListElement":[{"@type":"ListItem","position":1,"name":"Home","item":"https:\/\/www.eolus.com\/lv\/"},{"@type":"ListItem","position":2,"name":"MFN News Items","item":"https:\/\/www.eolus.com\/blog\/mfn_news\/"},{"@type":"ListItem","position":3,"name":"Notiks publisk\u0101 apspriede par det\u0101lpl\u0101nojumu &#8220;Pienava Wind 6&#8221; un &#8220;Pienava Wind 7&#8221;"}]},{"@type":"WebSite","@id":"https:\/\/www.eolus.com\/#website","url":"https:\/\/www.eolus.com\/","name":"Eolus","description":"Shaping the Future of Renewable Energy","potentialAction":[{"@type":"SearchAction","target":{"@type":"EntryPoint","urlTemplate":"https:\/\/www.eolus.com\/?s={search_term_string}"},"query-input":{"@type":"PropertyValueSpecification","valueRequired":true,"valueName":"search_term_string"}}],"inLanguage":"lv-LV"}]}},"_links":{"self":[{"href":"https:\/\/www.eolus.com\/lv\/wp-json\/wp\/v2\/mfn_news\/58505","targetHints":{"allow":["GET"]}}],"collection":[{"href":"https:\/\/www.eolus.com\/lv\/wp-json\/wp\/v2\/mfn_news"}],"about":[{"href":"https:\/\/www.eolus.com\/lv\/wp-json\/wp\/v2\/types\/mfn_news"}],"wp:featuredmedia":[{"embeddable":true,"href":"https:\/\/www.eolus.com\/lv\/wp-json\/wp\/v2\/media\/58506"}],"wp:attachment":[{"href":"https:\/\/www.eolus.com\/lv\/wp-json\/wp\/v2\/media?parent=58505"}],"curies":[{"name":"wp","href":"https:\/\/api.w.org\/{rel}","templated":true}]}}